{"id":9544,"date":"2026-09-01T21:04:34","date_gmt":"2026-09-02T00:04:34","guid":{"rendered":"https:\/\/arquimendoza.org.ar\/wordpress\/?p=9544"},"modified":"2026-09-03T13:14:52","modified_gmt":"2026-09-03T16:14:52","slug":"mendoza-vivio-su-primer-encuentro-arquidiocesano-de-ninos","status":"publish","type":"post","link":"https:\/\/arquimendoza.org.ar\/wordpress\/mendoza-vivio-su-primer-encuentro-arquidiocesano-de-ninos\/","title":{"rendered":"Mendoza vivi\u00f3 su primer Encuentro Arquidiocesano de Ni\u00f1os"},"content":{"rendered":"\n<p>M\u00e1s de 1.100 ni\u00f1os se reunieron en el Santuario de Nuestra Se\u00f1ora de Lourdes para celebrar, jugar y compartir la alegr\u00eda de la fe. El s\u00e1bado 29 de agosto, ni\u00f1os de distintos lugares de la Arquidi\u00f3cesis de Mendoza participaron del primer Encuentro Arquidiocesano de Ni\u00f1os, acompa\u00f1ados por sus catequistas. <\/p>\n\n\n\n<p>La jornada incluy\u00f3 juegos, baile, m\u00fasica y momentos de encuentro entre las comunidades, identificadas con los colores de sus decanatos. Tambi\u00e9n compartieron unas palabras del arzobispo Marcelo Colombo y celebraron la Santa Misa, presidida por el Pbro. Pablo Rico, vicario episcopal para la Evangelizaci\u00f3n. <\/p>\n\n\n\n<p>Realizado en el marco de la Misi\u00f3n Diocesana, el encuentro dej\u00f3 alegr\u00eda y esperanza, y confirm\u00f3 que los ni\u00f1os tambi\u00e9n son protagonistas de la vida de la Iglesia. La celebraci\u00f3n form\u00f3 parte del camino hacia la fiesta patronal de la Arquidi\u00f3cesis, que tendr\u00e1 lugar en octubre en honor a Nuestra Se\u00f1ora del Rosario.<\/p>\n\n\n\n<p>\u00a1Con Mar\u00eda del Rosario, somos comuni\u00f3n y misi\u00f3n!<\/p>\n\n\n\n<figure class=\"wp-block-image size-large\"><img fetchpriority=\"high\" decoding=\"async\" width=\"1024\" height=\"680\" src=\"https:\/\/arquimendoza.org.ar\/wordpress\/wp-content\/uploads\/2026\/09\/WhatsApp-Image-2026-09-02-at-21.07.12-1024x680.jpeg\" alt=\"\" class=\"wp-image-9546\" srcset=\"https:\/\/arquimendoza.org.ar\/wordpress\/wp-content\/uploads\/2026\/09\/WhatsApp-Image-2026-09-02-at-21.07.12-1024x680.jpeg 1024w, https:\/\/arquimendoza.org.ar\/wordpress\/wp-content\/uploads\/2026\/09\/WhatsApp-Image-2026-09-02-at-21.07.12-300x199.jpeg 300w, https:\/\/arquimendoza.org.ar\/wordpress\/wp-content\/uploads\/2026\/09\/WhatsApp-Image-2026-09-02-at-21.07.12-768x510.jpeg 768w, https:\/\/arquimendoza.org.ar\/wordpress\/wp-content\/uploads\/2026\/09\/WhatsApp-Image-2026-09-02-at-21.07.12.jpeg 1280w\" sizes=\"(max-width: 1024px) 100vw, 1024px\" \/><\/figure>\n\n\n\n<p><\/p>\n","protected":false},"excerpt":{"rendered":"<p>M\u00e1s de 1.100 ni\u00f1os se reunieron en el Santuario de Nuestra Se\u00f1ora de Lourdes para celebrar, jugar y compartir la alegr\u00eda de la fe. El s\u00e1bado 29 de agosto, ni\u00f1os de distintos lugares de la Arquidi\u00f3cesis de Mendoza participaron del primer Encuentro Arquidiocesano de Ni\u00f1os, acompa\u00f1ados por sus catequistas. La jornada incluy\u00f3 juegos, baile, m\u00fasica [&hellip;]<\/p>\n","protected":false},"author":17,"featured_media":9546,"comment_status":"closed","ping_status":"closed","sticky":false,"template":"","format":"standard","meta":{"_acf_changed":false,"footnotes":""},"categories":[77],"tags":[],"class_list":["post-9544","post","type-post","status-publish","format-standard","has-post-thumbnail","hentry","category-noticias"],"acf":[],"_links":{"self":[{"href":"https:\/\/arquimendoza.org.ar\/wordpress\/wp-json\/wp\/v2\/posts\/9544","targetHints":{"allow":["GET"]}}],"collection":[{"href":"https:\/\/arquimendoza.org.ar\/wordpress\/wp-json\/wp\/v2\/posts"}],"about":[{"href":"https:\/\/arquimendoza.org.ar\/wordpress\/wp-json\/wp\/v2\/types\/post"}],"author":[{"embeddable":true,"href":"https:\/\/arquimendoza.org.ar\/wordpress\/wp-json\/wp\/v2\/users\/17"}],"replies":[{"embeddable":true,"href":"https:\/\/arquimendoza.org.ar\/wordpress\/wp-json\/wp\/v2\/comments?post=9544"}],"version-history":[{"count":1,"href":"https:\/\/arquimendoza.org.ar\/wordpress\/wp-json\/wp\/v2\/posts\/9544\/revisions"}],"predecessor-version":[{"id":9549,"href":"https:\/\/arquimendoza.org.ar\/wordpress\/wp-json\/wp\/v2\/posts\/9544\/revisions\/9549"}],"wp:featuredmedia":[{"embeddable":true,"href":"https:\/\/arquimendoza.org.ar\/wordpress\/wp-json\/wp\/v2\/media\/9546"}],"wp:attachment":[{"href":"https:\/\/arquimendoza.org.ar\/wordpress\/wp-json\/wp\/v2\/media?parent=9544"}],"wp:term":[{"taxonomy":"category","embeddable":true,"href":"https:\/\/arquimendoza.org.ar\/wordpress\/wp-json\/wp\/v2\/categories?post=9544"},{"taxonomy":"post_tag","embeddable":true,"href":"https:\/\/arquimendoza.org.ar\/wordpress\/wp-json\/wp\/v2\/tags?post=9544"}],"curies":[{"name":"wp","href":"https:\/\/api.w.org\/{rel}","templated":true}]}}