{"id":9535,"date":"2026-08-01T20:50:04","date_gmt":"2026-08-01T23:50:04","guid":{"rendered":"https:\/\/arquimendoza.org.ar\/wordpress\/?p=9535"},"modified":"2026-09-02T21:02:07","modified_gmt":"2026-09-03T00:02:07","slug":"mendoza-se-prepara-para-vivir-la-mision-arquidiocesana","status":"publish","type":"post","link":"https:\/\/arquimendoza.org.ar\/wordpress\/mendoza-se-prepara-para-vivir-la-mision-arquidiocesana\/","title":{"rendered":"MENDOZA SE PREPARA PARA VIVIR LA MISI\u00d3N ARQUIDIOCESANA"},"content":{"rendered":"\n<p><\/p>\n\n\n\n<p> \u201cCon Mar\u00eda del Rosario, somos Comuni\u00f3n y Misi\u00f3n\u201d ser\u00e1 el lema de este camino de fe, encuentro y servicio, que se desarrollar\u00e1 entre agosto y noviembre. La Iglesia de Mendoza se prepara para vivir la Misi\u00f3n Arquidiocesana 2026, una invitaci\u00f3n a salir al encuentro, renovar la fe y fortalecer el v\u00ednculo con la Virgen del Rosario.<\/p>\n\n\n\n<p>La propuesta, nacida del discernimiento pastoral de la Arquidi\u00f3cesis, busca una congregaci\u00f3n cercana, misionera y comprometida. Tendr\u00e1 nueve momentos de oraci\u00f3n, servicio y encuentro, con j\u00f3venes, ni\u00f1os, consagrados, escuelas, migrantes y con todas las comunidades. <\/p>\n\n\n\n<p>El camino culminar\u00e1 en octubre, durante la Fiesta Diocesana, con la renovaci\u00f3n de la consagraci\u00f3n a la Virgen del Rosario. Cada momento ser\u00e1 un llamado para fortalecer el v\u00ednculo con la Virgen del Rosario compartiendo su imagen, se rezar\u00e1 \u201cBendita sea tu pureza\u201d y, seg\u00fan sus posibilidades, se regalar\u00e1 decenarios o rosarios. <\/p>\n\n\n\n<p>La Pastoral de Comunicadores acompa\u00f1ar\u00e1 la misi\u00f3n con materiales y relatos de las experiencias vividas. Inspirada en la respuesta del profeta Isa\u00edas: \u201cAqu\u00ed estoy, env\u00edame\u201d (Isa\u00edas 6,8); la Instituci\u00f3n Eclesial, de la mano del Arzobispo Marcelo Colombo, convoca a todos a caminar juntos, con Mar\u00eda del Rosario y hacer crecer la comuni\u00f3n.<\/p>\n\n\n\n<p><\/p>\n","protected":false},"excerpt":{"rendered":"<p>\u201cCon Mar\u00eda del Rosario, somos Comuni\u00f3n y Misi\u00f3n\u201d ser\u00e1 el lema de este camino de fe, encuentro y servicio, que se desarrollar\u00e1 entre agosto y noviembre. La Iglesia de Mendoza se prepara para vivir la Misi\u00f3n Arquidiocesana 2026, una invitaci\u00f3n a salir al encuentro, renovar la fe y fortalecer el v\u00ednculo con la Virgen del [&hellip;]<\/p>\n","protected":false},"author":17,"featured_media":9290,"comment_status":"closed","ping_status":"closed","sticky":false,"template":"","format":"standard","meta":{"_acf_changed":false,"footnotes":""},"categories":[77],"tags":[],"class_list":["post-9535","post","type-post","status-publish","format-standard","has-post-thumbnail","hentry","category-noticias"],"acf":[],"_links":{"self":[{"href":"https:\/\/arquimendoza.org.ar\/wordpress\/wp-json\/wp\/v2\/posts\/9535","targetHints":{"allow":["GET"]}}],"collection":[{"href":"https:\/\/arquimendoza.org.ar\/wordpress\/wp-json\/wp\/v2\/posts"}],"about":[{"href":"https:\/\/arquimendoza.org.ar\/wordpress\/wp-json\/wp\/v2\/types\/post"}],"author":[{"embeddable":true,"href":"https:\/\/arquimendoza.org.ar\/wordpress\/wp-json\/wp\/v2\/users\/17"}],"replies":[{"embeddable":true,"href":"https:\/\/arquimendoza.org.ar\/wordpress\/wp-json\/wp\/v2\/comments?post=9535"}],"version-history":[{"count":3,"href":"https:\/\/arquimendoza.org.ar\/wordpress\/wp-json\/wp\/v2\/posts\/9535\/revisions"}],"predecessor-version":[{"id":9542,"href":"https:\/\/arquimendoza.org.ar\/wordpress\/wp-json\/wp\/v2\/posts\/9535\/revisions\/9542"}],"wp:featuredmedia":[{"embeddable":true,"href":"https:\/\/arquimendoza.org.ar\/wordpress\/wp-json\/wp\/v2\/media\/9290"}],"wp:attachment":[{"href":"https:\/\/arquimendoza.org.ar\/wordpress\/wp-json\/wp\/v2\/media?parent=9535"}],"wp:term":[{"taxonomy":"category","embeddable":true,"href":"https:\/\/arquimendoza.org.ar\/wordpress\/wp-json\/wp\/v2\/categories?post=9535"},{"taxonomy":"post_tag","embeddable":true,"href":"https:\/\/arquimendoza.org.ar\/wordpress\/wp-json\/wp\/v2\/tags?post=9535"}],"curies":[{"name":"wp","href":"https:\/\/api.w.org\/{rel}","templated":true}]}}