{"id":886,"date":"2019-11-25T14:04:22","date_gmt":"2019-11-25T17:04:22","guid":{"rendered":"https:\/\/arquimendoza.org.ar\/?p=886"},"modified":"2022-12-06T22:06:50","modified_gmt":"2022-12-07T01:06:50","slug":"comunicado-de-prensa","status":"publish","type":"post","link":"https:\/\/arquimendoza.org.ar\/wordpress\/comunicado-de-prensa\/","title":{"rendered":"Comunicado de Prensa"},"content":{"rendered":"\n<p>   En estas horas, la Justicia ha declarado culpables a los acusados por los hechos denunciados en relaci\u00f3n con el Instituto Antonio Pr\u00f3volo, perteneciente a la Asociaci\u00f3n Civil San Jos\u00e9.<\/p>\n\n\n\n<p>&nbsp; Como\nIglesia, queremos trasmitir una vez m\u00e1s nuestra solidaridad y cercan\u00eda a las\nv\u00edctimas y sus familias, quienes han denunciado haber sufrido las m\u00e1s\naberrantes vejaciones. Lo que han relatado estas personas ha horrorizado a toda\nla sociedad mendocina. As\u00ed lo hemos experimentado en nuestras comunidades\ncristianas. Todos nos hemos sentido desconcertados y dolidos.<\/p>\n\n\n\n<p>&nbsp; Junto\na toda la sociedad nos sentimos desafiados a seguir trabajando para evitar que\nestas situaciones se repitan. El dolor de las v\u00edctimas y sus familias es\ntambi\u00e9n nuestro dolor; por eso, urge reafirmar nuestro compromiso con la\nprevenci\u00f3n, la transparencia, la verdad y la justicia para garantizar la\nprotecci\u00f3n de los menores y de los adultos en situaci\u00f3n de vulnerabilidad.<\/p>\n\n\n\n<p class=\"has-text-align-right\">Mendoza, 25 de noviembre de 2019.-<\/p>\n\n\n\n<p class=\"has-text-align-right\">Oficina de Prensa del Arzobispado de Mendoza<\/p>\n","protected":false},"excerpt":{"rendered":"<p>En estas horas, la Justicia ha declarado culpables a los acusados por los hechos denunciados en relaci\u00f3n con el Instituto Antonio Pr\u00f3volo, perteneciente a la Asociaci\u00f3n Civil San Jos\u00e9. &nbsp; Como Iglesia, queremos trasmitir una vez m\u00e1s nuestra solidaridad y cercan\u00eda a las v\u00edctimas y sus familias, quienes han denunciado haber sufrido las m\u00e1s aberrantes [&hellip;]<\/p>\n","protected":false},"author":13,"featured_media":440,"comment_status":"closed","ping_status":"closed","sticky":false,"template":"","format":"standard","meta":{"_acf_changed":false,"footnotes":""},"categories":[77],"tags":[],"class_list":["post-886","post","type-post","status-publish","format-standard","has-post-thumbnail","hentry","category-noticias"],"acf":[],"_links":{"self":[{"href":"https:\/\/arquimendoza.org.ar\/wordpress\/wp-json\/wp\/v2\/posts\/886","targetHints":{"allow":["GET"]}}],"collection":[{"href":"https:\/\/arquimendoza.org.ar\/wordpress\/wp-json\/wp\/v2\/posts"}],"about":[{"href":"https:\/\/arquimendoza.org.ar\/wordpress\/wp-json\/wp\/v2\/types\/post"}],"author":[{"embeddable":true,"href":"https:\/\/arquimendoza.org.ar\/wordpress\/wp-json\/wp\/v2\/users\/13"}],"replies":[{"embeddable":true,"href":"https:\/\/arquimendoza.org.ar\/wordpress\/wp-json\/wp\/v2\/comments?post=886"}],"version-history":[{"count":2,"href":"https:\/\/arquimendoza.org.ar\/wordpress\/wp-json\/wp\/v2\/posts\/886\/revisions"}],"predecessor-version":[{"id":889,"href":"https:\/\/arquimendoza.org.ar\/wordpress\/wp-json\/wp\/v2\/posts\/886\/revisions\/889"}],"wp:featuredmedia":[{"embeddable":true,"href":"https:\/\/arquimendoza.org.ar\/wordpress\/wp-json\/wp\/v2\/media\/440"}],"wp:attachment":[{"href":"https:\/\/arquimendoza.org.ar\/wordpress\/wp-json\/wp\/v2\/media?parent=886"}],"wp:term":[{"taxonomy":"category","embeddable":true,"href":"https:\/\/arquimendoza.org.ar\/wordpress\/wp-json\/wp\/v2\/categories?post=886"},{"taxonomy":"post_tag","embeddable":true,"href":"https:\/\/arquimendoza.org.ar\/wordpress\/wp-json\/wp\/v2\/tags?post=886"}],"curies":[{"name":"wp","href":"https:\/\/api.w.org\/{rel}","templated":true}]}}